{"id":8774,"date":"2026-03-30T12:29:59","date_gmt":"2026-03-30T12:29:59","guid":{"rendered":"https:\/\/colegiolosreyes.cl\/sitio\/?p=8774"},"modified":"2026-03-30T12:30:11","modified_gmt":"2026-03-30T12:30:11","slug":"la-inclusion-se-aprende","status":"publish","type":"post","link":"https:\/\/colegiolosreyes.cl\/sitio\/2026\/03\/30\/la-inclusion-se-aprende\/","title":{"rendered":"LA INCLUSI\u00d3N SE APRENDE\u2026"},"content":{"rendered":"<div class=\"wpb-content-wrapper\"><p>[vc_row][vc_column][vc_column_text]<\/p>\n<p style=\"text-align: center;\"><em>Y mientras m\u00e1s temprano se encienda en los corazones de nuestras ni\u00f1as y ni\u00f1os, podremos pensar en una convivencia escolar\u00a0respetuosa, inclusiva y sostenible.<\/em><\/p>\n<p>&nbsp;<\/p>\n<p>El pasado viernes nuestros\u00a0peque\u00f1os de Educaci\u00f3n Parvularia vivieron una jornada muy especial conversando y reflexionando sobre el D\u00eda Internacional del S\u00edndrome de Down. Apoy\u00e1ndonos en la natural tendencia de ni\u00f1os y ni\u00f1as peque\u00f1os para actuar con amplitud y ternura, conversamos sobre el valor de la inclusi\u00f3n y el poder de la amabilidad, reafirmando que, cuando estamos juntos, construimos un mundo mucho m\u00e1s hermoso y m\u00e1s grato para convivir.[\/vc_column_text][\/vc_column][\/vc_row][vc_row][vc_column][vc_gallery interval=&#8221;3&#8243; images=&#8221;8775,8776,8777,8778,8779&#8243; css=&#8221;&#8221;][\/vc_column][\/vc_row]<\/p>\n<\/div>","protected":false},"excerpt":{"rendered":"<p>[vc_row][vc_column][vc_column_text] Y mientras m\u00e1s temprano se encienda en los corazones de nuestras ni\u00f1as y ni\u00f1os, podremos pensar en una convivencia escolar\u00a0respetuosa, inclusiva y sostenible. &nbsp; El pasado viernes&#8230;<\/p>\n","protected":false},"author":1,"featured_media":8775,"comment_status":"open","ping_status":"open","sticky":false,"template":"","format":"standard","meta":{"footnotes":"","_links_to":"","_links_to_target":""},"categories":[55,53],"tags":[],"class_list":["post-8774","post","type-post","status-publish","format-standard","has-post-thumbnail","hentry","category-noticias","category-noticias-los-reyes"],"_links":{"self":[{"href":"https:\/\/colegiolosreyes.cl\/sitio\/wp-json\/wp\/v2\/posts\/8774","targetHints":{"allow":["GET"]}}],"collection":[{"href":"https:\/\/colegiolosreyes.cl\/sitio\/wp-json\/wp\/v2\/posts"}],"about":[{"href":"https:\/\/colegiolosreyes.cl\/sitio\/wp-json\/wp\/v2\/types\/post"}],"author":[{"embeddable":true,"href":"https:\/\/colegiolosreyes.cl\/sitio\/wp-json\/wp\/v2\/users\/1"}],"replies":[{"embeddable":true,"href":"https:\/\/colegiolosreyes.cl\/sitio\/wp-json\/wp\/v2\/comments?post=8774"}],"version-history":[{"count":1,"href":"https:\/\/colegiolosreyes.cl\/sitio\/wp-json\/wp\/v2\/posts\/8774\/revisions"}],"predecessor-version":[{"id":8780,"href":"https:\/\/colegiolosreyes.cl\/sitio\/wp-json\/wp\/v2\/posts\/8774\/revisions\/8780"}],"wp:featuredmedia":[{"embeddable":true,"href":"https:\/\/colegiolosreyes.cl\/sitio\/wp-json\/wp\/v2\/media\/8775"}],"wp:attachment":[{"href":"https:\/\/colegiolosreyes.cl\/sitio\/wp-json\/wp\/v2\/media?parent=8774"}],"wp:term":[{"taxonomy":"category","embeddable":true,"href":"https:\/\/colegiolosreyes.cl\/sitio\/wp-json\/wp\/v2\/categories?post=8774"},{"taxonomy":"post_tag","embeddable":true,"href":"https:\/\/colegiolosreyes.cl\/sitio\/wp-json\/wp\/v2\/tags?post=8774"}],"curies":[{"name":"wp","href":"https:\/\/api.w.org\/{rel}","templated":true}]}}