{"id":8372,"date":"2025-09-04T16:04:44","date_gmt":"2025-09-04T16:04:44","guid":{"rendered":"https:\/\/colegiolosreyes.cl\/sitio\/?p=8372"},"modified":"2025-09-04T16:04:44","modified_gmt":"2025-09-04T16:04:44","slug":"nos-visita-el-escuadron-canino-de-carabineros-de-vina-del-mar","status":"publish","type":"post","link":"https:\/\/colegiolosreyes.cl\/sitio\/2025\/09\/04\/nos-visita-el-escuadron-canino-de-carabineros-de-vina-del-mar\/","title":{"rendered":"NOS VISITA EL ESCUADR\u00d3N CANINO  DE CARABINEROS DE VI\u00d1A DEL MAR"},"content":{"rendered":"<div class=\"wpb-content-wrapper\"><p>[vc_row][vc_column][vc_column_text]El mi\u00e9rcoles 27 de agosto las ni\u00f1as y ni\u00f1os de Sede Los Reyes vivieron una jornada que disfrutaron intensamente. Con sus expresivos rostros, nuestros peque\u00f1os estudiantes dieron clara muestra de alegr\u00eda, de sorpresa y de cari\u00f1o al seguir atentamente la presentaci\u00f3n de los perritos policiales que segu\u00edan, con gracia e inteligencia, las instrucciones de sus adiestradores<\/p>\n<p>El natural cari\u00f1o de los peque\u00f1os por los animales se expres\u00f3 en varios momentos de la presentaci\u00f3n que se constituy\u00f3 en un momento colmado de diversi\u00f3n y aprendizaje.<\/p>\n<p>Un momento que profesores y directivos agradecemos sinceramente al Escuadr\u00f3n Canino de Carabineros de Vi\u00f1a del Mar por este m\u00e1gico momento que seguramente perdurar\u00e1 por un buen tiempo en la memoria de todos quienes tuvimos la oportunidad de disfrutar una grata y emotiva jornada.[\/vc_column_text][\/vc_column][\/vc_row][vc_row][vc_column][vc_gallery interval=&#8221;3&#8243; images=&#8221;8374,8375,8376,8377,8378&#8243; css=&#8221;&#8221;][\/vc_column][\/vc_row]<\/p>\n<\/div>","protected":false},"excerpt":{"rendered":"<p>[vc_row][vc_column][vc_column_text]El mi\u00e9rcoles 27 de agosto las ni\u00f1as y ni\u00f1os de Sede Los Reyes vivieron una jornada que disfrutaron intensamente. Con sus expresivos rostros, nuestros peque\u00f1os estudiantes dieron clara&#8230;<\/p>\n","protected":false},"author":1,"featured_media":8373,"comment_status":"open","ping_status":"open","sticky":false,"template":"","format":"standard","meta":{"footnotes":"","_links_to":"","_links_to_target":""},"categories":[55,53],"tags":[],"class_list":["post-8372","post","type-post","status-publish","format-standard","has-post-thumbnail","hentry","category-noticias","category-noticias-los-reyes"],"_links":{"self":[{"href":"https:\/\/colegiolosreyes.cl\/sitio\/wp-json\/wp\/v2\/posts\/8372","targetHints":{"allow":["GET"]}}],"collection":[{"href":"https:\/\/colegiolosreyes.cl\/sitio\/wp-json\/wp\/v2\/posts"}],"about":[{"href":"https:\/\/colegiolosreyes.cl\/sitio\/wp-json\/wp\/v2\/types\/post"}],"author":[{"embeddable":true,"href":"https:\/\/colegiolosreyes.cl\/sitio\/wp-json\/wp\/v2\/users\/1"}],"replies":[{"embeddable":true,"href":"https:\/\/colegiolosreyes.cl\/sitio\/wp-json\/wp\/v2\/comments?post=8372"}],"version-history":[{"count":1,"href":"https:\/\/colegiolosreyes.cl\/sitio\/wp-json\/wp\/v2\/posts\/8372\/revisions"}],"predecessor-version":[{"id":8379,"href":"https:\/\/colegiolosreyes.cl\/sitio\/wp-json\/wp\/v2\/posts\/8372\/revisions\/8379"}],"wp:featuredmedia":[{"embeddable":true,"href":"https:\/\/colegiolosreyes.cl\/sitio\/wp-json\/wp\/v2\/media\/8373"}],"wp:attachment":[{"href":"https:\/\/colegiolosreyes.cl\/sitio\/wp-json\/wp\/v2\/media?parent=8372"}],"wp:term":[{"taxonomy":"category","embeddable":true,"href":"https:\/\/colegiolosreyes.cl\/sitio\/wp-json\/wp\/v2\/categories?post=8372"},{"taxonomy":"post_tag","embeddable":true,"href":"https:\/\/colegiolosreyes.cl\/sitio\/wp-json\/wp\/v2\/tags?post=8372"}],"curies":[{"name":"wp","href":"https:\/\/api.w.org\/{rel}","templated":true}]}}