{"id":7713,"date":"2024-10-30T20:10:20","date_gmt":"2024-10-30T20:10:20","guid":{"rendered":"https:\/\/colegiolosreyes.cl\/sitio\/?p=7713"},"modified":"2024-10-30T20:12:04","modified_gmt":"2024-10-30T20:12:04","slug":"segunda-semana-vocacional-2024","status":"publish","type":"post","link":"https:\/\/colegiolosreyes.cl\/sitio\/2024\/10\/30\/segunda-semana-vocacional-2024\/","title":{"rendered":"SEGUNDA SEMANA VOCACIONAL 2024"},"content":{"rendered":"<div class=\"wpb-content-wrapper\"><p>[vc_row][vc_column][vc_column_text]<\/p>\n<p>I am text block. Click edit button to change this text. Lorem ipsum dolor sit amet, consectetur adipiscing elit. Ut elit tellus, luctus nec ullamcorper mattis, pulvinar dapibus leo.<\/p>\n<p>[\/vc_column_text][\/vc_column][\/vc_row][vc_row][vc_column][vc_column_text css=&#8221;&#8221;]<\/p>\n<p style=\"text-align: center;\">Durante la Semana Vocacional del Colegio Los Reyes, m\u00e1s de 850<br \/>\nestudiantes de la sede Luis Larco, participaron en variadas actividades<br \/>\ndise\u00f1adas para promover un buen clima de Convivencia Escolar,<br \/>\nincentivar la Motivaci\u00f3n Acad\u00e9mica y fortalecer la Participaci\u00f3n y la<br \/>\nFormaci\u00f3n Ciudadana.<br \/>\nEs importante partir destacando las tutor\u00edas que los estudiantes de<br \/>\ncuarto medio realizan con los estudiantes de segundo medio, las que<br \/>\ntienen el gran valor de profundizar el sentido de comunidad, fomentar el<br \/>\ndi\u00e1logo y el apoyo mutuo y contribuir fuertemente a un ambiente escolar<br \/>\ncolaborativo y respetuoso.<br \/>\nEl evento central de esta jornada lo constituy\u00f3 la FERIA DE LOS<br \/>\nCURSOS DIFERENCIADOS, donde los estudiantes pudieron explorar sus<br \/>\nintereses y dialogar sobre las opciones de electivos y diferenciados, lo que<br \/>\nno solo potencia su motivaci\u00f3n acad\u00e9mica, sino que tambi\u00e9n promueve la<br \/>\nresponsabilidad en la toma de decisiones informadas. Esta instancia<br \/>\nresulta clave para que los estudiantes puedan ejercer una correcta<br \/>\nelecci\u00f3n de los cursos Diferenciados y Electivos para el pr\u00f3ximo a\u00f1o<br \/>\n2025, asegurando un proceso ajustado a los intereses y necesidades de<br \/>\ncada estudiante.<br \/>\nAdem\u00e1s, las actividades acad\u00e9micas, como los Ensayos de la Prueba<br \/>\nPAES para los estudiantes de cuarto medio y las Pruebas de Habilidades<br \/>\nde Lenguaje y Matem\u00e1ticas, para estudiantes de segundo medio, ponen el<br \/>\nacento en un proceso de avance conjunto entre estudiantes y docentes,<br \/>\nreforzando as\u00ed la motivaci\u00f3n acad\u00e9mica.<br \/>\nEl conjunto de actividades antes se\u00f1aladas est\u00e1n claramente<br \/>\nvinculadas al Pilar Acad\u00e9mico. pero es posible percibir que en su<br \/>\ndesarrollo se conjuga la buena convivencia, los valores de respeto,<br \/>\nresponsabilidad, honestidad, y autonom\u00eda, desarrollando al mismo<br \/>\ntiempo una formaci\u00f3n ciudadana que valora el esfuerzo, el compromiso y<br \/>\nla participaci\u00f3n activa en la vida escolar con vistas a fortalecer las<br \/>\nproyecciones acad\u00e9micas de cada uno de nuestros estudiantes.<\/p>\n<p>[\/vc_column_text][\/vc_column][\/vc_row][vc_row][vc_column][vc_gallery type=&#8221;image_grid&#8221; images=&#8221;7718,7716,7715,7714&#8243; css=&#8221;&#8221;][\/vc_column][\/vc_row]<\/p>\n<\/div>","protected":false},"excerpt":{"rendered":"<p>[vc_row][vc_column][vc_column_text] I am text block. Click edit button to change this text. Lorem ipsum dolor sit amet, consectetur adipiscing elit. Ut elit tellus, luctus nec ullamcorper mattis, pulvinar&#8230;<\/p>\n","protected":false},"author":1,"featured_media":7717,"comment_status":"open","ping_status":"open","sticky":false,"template":"","format":"standard","meta":{"footnotes":"","_links_to":"","_links_to_target":""},"categories":[55,54],"tags":[],"class_list":["post-7713","post","type-post","status-publish","format-standard","has-post-thumbnail","hentry","category-noticias","category-noticias-luis-larco"],"_links":{"self":[{"href":"https:\/\/colegiolosreyes.cl\/sitio\/wp-json\/wp\/v2\/posts\/7713","targetHints":{"allow":["GET"]}}],"collection":[{"href":"https:\/\/colegiolosreyes.cl\/sitio\/wp-json\/wp\/v2\/posts"}],"about":[{"href":"https:\/\/colegiolosreyes.cl\/sitio\/wp-json\/wp\/v2\/types\/post"}],"author":[{"embeddable":true,"href":"https:\/\/colegiolosreyes.cl\/sitio\/wp-json\/wp\/v2\/users\/1"}],"replies":[{"embeddable":true,"href":"https:\/\/colegiolosreyes.cl\/sitio\/wp-json\/wp\/v2\/comments?post=7713"}],"version-history":[{"count":2,"href":"https:\/\/colegiolosreyes.cl\/sitio\/wp-json\/wp\/v2\/posts\/7713\/revisions"}],"predecessor-version":[{"id":7720,"href":"https:\/\/colegiolosreyes.cl\/sitio\/wp-json\/wp\/v2\/posts\/7713\/revisions\/7720"}],"wp:featuredmedia":[{"embeddable":true,"href":"https:\/\/colegiolosreyes.cl\/sitio\/wp-json\/wp\/v2\/media\/7717"}],"wp:attachment":[{"href":"https:\/\/colegiolosreyes.cl\/sitio\/wp-json\/wp\/v2\/media?parent=7713"}],"wp:term":[{"taxonomy":"category","embeddable":true,"href":"https:\/\/colegiolosreyes.cl\/sitio\/wp-json\/wp\/v2\/categories?post=7713"},{"taxonomy":"post_tag","embeddable":true,"href":"https:\/\/colegiolosreyes.cl\/sitio\/wp-json\/wp\/v2\/tags?post=7713"}],"curies":[{"name":"wp","href":"https:\/\/api.w.org\/{rel}","templated":true}]}}