{"id":7635,"date":"2024-10-07T13:55:52","date_gmt":"2024-10-07T13:55:52","guid":{"rendered":"https:\/\/colegiolosreyes.cl\/sitio\/?p=7635"},"modified":"2024-10-07T13:55:52","modified_gmt":"2024-10-07T13:55:52","slug":"si-chileno-si-y-bien-chileno-viva-chile-y-vivan-nuestras-fiestas-patrias","status":"publish","type":"post","link":"https:\/\/colegiolosreyes.cl\/sitio\/2024\/10\/07\/si-chileno-si-y-bien-chileno-viva-chile-y-vivan-nuestras-fiestas-patrias\/","title":{"rendered":"S\u00ed\u2026 chileno\u2026 s\u00ed\u2026., y bien chileno\u2026 VIVA CHILE Y VIVAN NUESTRAS  FIESTAS PATRIAS"},"content":{"rendered":"<div class=\"wpb-content-wrapper\"><p>[vc_row][vc_column][vc_column_text css=&#8221;&#8221;]Los profesores de educaci\u00f3n f\u00edsica de nuestro colegio han asumido el sentido profundo de esta fecha generando espacios para que, durante todo un mes, la m\u00fasica y los bailes propios de nuestro pa\u00eds se apropien de las aulas y de los patios como se\u00f1al clara de que, abiertos al mundo de la modernidad, no renunciamos a nuestras ra\u00edces m\u00e1s profundas que son, a fin de cuentas, las que nos definen como pueblo. En las tres\u00a0 sedes, tanto los peque\u00f1os de cuatro a\u00f1os que se empinan reci\u00e9n al conocimiento de lo nuestro, como aquellas chicas y chicos que bordean ya las dieciocho primaveras, bailan la cueca. La bailan cada a\u00f1o. La ensayan en los patios del colegio, algunos con tropiezos, otros con prestancia. Algunos con dificultades, otros con pleno dominio. Pero bailan. Todos bailan.<\/p>\n<p>Se siente \u00a0Chile en nuestros patios en septiembre. Varones y damas de las m\u00e1s diversas edades recrean ese Chile que se integra sin temores a la globalizaci\u00f3n pero que, al mismo tiempo, levanta orgullosamente sus costumbres y tradiciones para mantener nuestra identidad como pa\u00eds. Tal vez \u00a0pueda parecer que despu\u00e9s de este mes todo ese ambiente de chilenidad se diluir\u00e1, se perder\u00e1, que no quedar\u00e1 nada. Pero, tranquilos\u2026 no se construye el amor al pa\u00eds de un d\u00eda para otro. En cada septiembre, en cada a\u00f1o, \u00a0nuestros estudiantes, los grandes y los peque\u00f1os, volver\u00e1n a revivir \u00a0nuestras tradiciones y volver\u00e1n a bailar la m\u00fasica nuestra bajo la conducci\u00f3n de la mano experta de las profesoras y profesores de educaci\u00f3n f\u00edsica.<\/p>\n<p>Nuestras primeras felicitaciones van en forma muy calurosa a los estudiantes y sus familias porque est\u00e1 claro para nosotros, profesores, que esta hermosa historia ser\u00eda imposible de cumplir sin la notable disposici\u00f3n de las y los estudiantes y de la \u00a0generosa colaboraci\u00f3n de los padres. Y, sin duda, un saludo muy especial para \u00a0las y los profesores que, de distinta forma,\u00a0 prestaron apoyo a esta notable\u00a0 actividad, con especial menci\u00f3n a los \u00a0integrantes del Departamento de Educaci\u00f3n F\u00edsica que prepararon con inteligencia, pasi\u00f3n y gran esfuerzo estas presentaciones que instalan en \u00a0nuestros corazones un sentimiento profundo, hermoso e inevitable\u2026<\/p>\n<p><span style=\"color: #3366ff;\"><strong>\u00a1\u00a1\u00a1 VIVA CHILE\u2026. VIVAN NUESTRAS FIESTAS PATRIAS !!!<\/strong><\/span>[\/vc_column_text][\/vc_column][\/vc_row][vc_row][vc_column][vc_gallery type=&#8221;image_grid&#8221; images=&#8221;7642,7641,7640,7639,7638,7637,7636&#8243; css=&#8221;&#8221;][\/vc_column][\/vc_row]<\/p>\n<\/div>","protected":false},"excerpt":{"rendered":"<p>[vc_row][vc_column][vc_column_text css=&#8221;&#8221;]Los profesores de educaci\u00f3n f\u00edsica de nuestro colegio han asumido el sentido profundo de esta fecha generando espacios para que, durante todo un mes, la m\u00fasica y&#8230;<\/p>\n","protected":false},"author":1,"featured_media":7637,"comment_status":"open","ping_status":"open","sticky":false,"template":"","format":"standard","meta":{"footnotes":"","_links_to":"","_links_to_target":""},"categories":[55,54],"tags":[],"class_list":["post-7635","post","type-post","status-publish","format-standard","has-post-thumbnail","hentry","category-noticias","category-noticias-luis-larco"],"_links":{"self":[{"href":"https:\/\/colegiolosreyes.cl\/sitio\/wp-json\/wp\/v2\/posts\/7635","targetHints":{"allow":["GET"]}}],"collection":[{"href":"https:\/\/colegiolosreyes.cl\/sitio\/wp-json\/wp\/v2\/posts"}],"about":[{"href":"https:\/\/colegiolosreyes.cl\/sitio\/wp-json\/wp\/v2\/types\/post"}],"author":[{"embeddable":true,"href":"https:\/\/colegiolosreyes.cl\/sitio\/wp-json\/wp\/v2\/users\/1"}],"replies":[{"embeddable":true,"href":"https:\/\/colegiolosreyes.cl\/sitio\/wp-json\/wp\/v2\/comments?post=7635"}],"version-history":[{"count":1,"href":"https:\/\/colegiolosreyes.cl\/sitio\/wp-json\/wp\/v2\/posts\/7635\/revisions"}],"predecessor-version":[{"id":7643,"href":"https:\/\/colegiolosreyes.cl\/sitio\/wp-json\/wp\/v2\/posts\/7635\/revisions\/7643"}],"wp:featuredmedia":[{"embeddable":true,"href":"https:\/\/colegiolosreyes.cl\/sitio\/wp-json\/wp\/v2\/media\/7637"}],"wp:attachment":[{"href":"https:\/\/colegiolosreyes.cl\/sitio\/wp-json\/wp\/v2\/media?parent=7635"}],"wp:term":[{"taxonomy":"category","embeddable":true,"href":"https:\/\/colegiolosreyes.cl\/sitio\/wp-json\/wp\/v2\/categories?post=7635"},{"taxonomy":"post_tag","embeddable":true,"href":"https:\/\/colegiolosreyes.cl\/sitio\/wp-json\/wp\/v2\/tags?post=7635"}],"curies":[{"name":"wp","href":"https:\/\/api.w.org\/{rel}","templated":true}]}}