{"id":7620,"date":"2024-09-30T15:48:11","date_gmt":"2024-09-30T15:48:11","guid":{"rendered":"https:\/\/colegiolosreyes.cl\/sitio\/?p=7620"},"modified":"2024-09-30T15:50:15","modified_gmt":"2024-09-30T15:50:15","slug":"fiestas-patrias-2024-en-sede-los-reyes","status":"publish","type":"post","link":"https:\/\/colegiolosreyes.cl\/sitio\/2024\/09\/30\/fiestas-patrias-2024-en-sede-los-reyes\/","title":{"rendered":"FIESTAS PATRIAS 2024 EN SEDE LOS REYES."},"content":{"rendered":"<div class=\"wpb-content-wrapper\"><p>[vc_row][vc_column][vc_column_text css=&#8221;&#8221;]Felices, s\u00ed, muy felices.<\/p>\n<p>Como ya es tradici\u00f3n, las actividades de celebraci\u00f3n de un nuevo cumplea\u00f1os de nuestra patria se iniciaron el 2 de septiembre con el esperado esquinazo a cargo de \u00a0estudiantes de terceros y cuartos b\u00e1sicos, \u00a0quienes cantaron y bailaron tres pies de cueca para dar oficialmente inauguradas las actividades del mes de la patria.<\/p>\n<p>Despu\u00e9s de este simb\u00f3lico comienzo, lleg\u00f3 el turno de las muestras folcl\u00f3ricas, en las que\u00a0 ni\u00f1as y ni\u00f1os desde pre kinder a segundo b\u00e1sico se lucieron con hermosas y muy bien\u00a0 preparadas presentaciones de \u00a0danzas que recorrieron las diversas zonas geogr\u00e1ficas de nuestro pa\u00eds, mientras que\u00a0 terceros y cuartos b\u00e1sicos presentaron \u00a0danzas latinoamericanas para conectar nuestros pa\u00eds con otros pa\u00edses cercanos.<\/p>\n<p>Las actividades del mes de la patria finalizaron con una masiva y colorida muestra de cuecas que fueron muy bien recibidas por el p\u00fablico presente.<\/p>\n<p>Por eso estamos felices.<\/p>\n<p>Felices y agradecidos.<\/p>\n<p>Expresamos las m\u00e1s c\u00e1lidas felicitaciones a nuestros estudiantes y a sus familias porque para nosotros, profesores, est\u00e1 muy claro que esta hermosa celebraci\u00f3n de la patria no ser\u00eda posible sin la disciplinada colaboraci\u00f3n de los estudiantes y sin el generoso respaldo de los padres.<\/p>\n<p>Y, por cierto, saludamos y agradecemos en forma especial a las y los profesores que, de diversas maneras, entregaron su apoyo a las actividades necesarias para poder culminar esta hermosa jornada.[\/vc_column_text][\/vc_column][\/vc_row][vc_row][vc_column][vc_gallery type=&#8221;image_grid&#8221; images=&#8221;7624,7625,7626,7623,7621&#8243; css=&#8221;&#8221;][\/vc_column][\/vc_row]<\/p>\n<\/div>","protected":false},"excerpt":{"rendered":"<p>[vc_row][vc_column][vc_column_text css=&#8221;&#8221;]Felices, s\u00ed, muy felices. Como ya es tradici\u00f3n, las actividades de celebraci\u00f3n de un nuevo cumplea\u00f1os de nuestra patria se iniciaron el 2 de septiembre con el&#8230;<\/p>\n","protected":false},"author":1,"featured_media":7623,"comment_status":"open","ping_status":"open","sticky":false,"template":"","format":"standard","meta":{"footnotes":"","_links_to":"","_links_to_target":""},"categories":[55,53],"tags":[],"class_list":["post-7620","post","type-post","status-publish","format-standard","has-post-thumbnail","hentry","category-noticias","category-noticias-los-reyes"],"_links":{"self":[{"href":"https:\/\/colegiolosreyes.cl\/sitio\/wp-json\/wp\/v2\/posts\/7620","targetHints":{"allow":["GET"]}}],"collection":[{"href":"https:\/\/colegiolosreyes.cl\/sitio\/wp-json\/wp\/v2\/posts"}],"about":[{"href":"https:\/\/colegiolosreyes.cl\/sitio\/wp-json\/wp\/v2\/types\/post"}],"author":[{"embeddable":true,"href":"https:\/\/colegiolosreyes.cl\/sitio\/wp-json\/wp\/v2\/users\/1"}],"replies":[{"embeddable":true,"href":"https:\/\/colegiolosreyes.cl\/sitio\/wp-json\/wp\/v2\/comments?post=7620"}],"version-history":[{"count":3,"href":"https:\/\/colegiolosreyes.cl\/sitio\/wp-json\/wp\/v2\/posts\/7620\/revisions"}],"predecessor-version":[{"id":7628,"href":"https:\/\/colegiolosreyes.cl\/sitio\/wp-json\/wp\/v2\/posts\/7620\/revisions\/7628"}],"wp:featuredmedia":[{"embeddable":true,"href":"https:\/\/colegiolosreyes.cl\/sitio\/wp-json\/wp\/v2\/media\/7623"}],"wp:attachment":[{"href":"https:\/\/colegiolosreyes.cl\/sitio\/wp-json\/wp\/v2\/media?parent=7620"}],"wp:term":[{"taxonomy":"category","embeddable":true,"href":"https:\/\/colegiolosreyes.cl\/sitio\/wp-json\/wp\/v2\/categories?post=7620"},{"taxonomy":"post_tag","embeddable":true,"href":"https:\/\/colegiolosreyes.cl\/sitio\/wp-json\/wp\/v2\/tags?post=7620"}],"curies":[{"name":"wp","href":"https:\/\/api.w.org\/{rel}","templated":true}]}}