{"id":7596,"date":"2024-09-12T18:49:45","date_gmt":"2024-09-12T18:49:45","guid":{"rendered":"https:\/\/colegiolosreyes.cl\/sitio\/?p=7596"},"modified":"2024-09-12T18:49:45","modified_gmt":"2024-09-12T18:49:45","slug":"pilar-academico-en-accion-olimpiada-de-matematicas-en-sede-luis-larco","status":"publish","type":"post","link":"https:\/\/colegiolosreyes.cl\/sitio\/2024\/09\/12\/pilar-academico-en-accion-olimpiada-de-matematicas-en-sede-luis-larco\/","title":{"rendered":"PILAR ACAD\u00c9MICO EN ACCI\u00d3N. \tOLIMPIADA DE MATEM\u00c1TICAS EN SEDE LUIS LARCO"},"content":{"rendered":"<div class=\"wpb-content-wrapper\"><p>[vc_row][vc_column][vc_column_text css=&#8221;&#8221;]<\/p>\n<p style=\"text-align: left;\">A cargo del Departamento de Matem\u00e1ticas de la Sede, encabezado por la profesora Victoria Ar\u00e9valo Figueroa, el d\u00eda 21 de agosto se llev\u00f3 a cabo una nueva versi\u00f3n de la Olimpiada de Matem\u00e1ticas en la Sede Luis Larco, destinada a estudiantes desde s\u00e9ptimo b\u00e1sico hasta cuarto medio.<\/p>\n<p style=\"text-align: left;\">El objetivo general de la actividad se defini\u00f3 como <strong>\u201cP<em>ropiciar una instancia para cautivar a los participantes en el proceso de comprensi\u00f3n y desarrollo de las Matem\u00e1ticas donde podr\u00e1n evidenciar sus habilidades de c\u00e1lculo, su intuici\u00f3n geom\u00e9trica y su capacidad para analizar y conjeturar en la resoluci\u00f3n de problemas<\/em>\u201d<\/strong><\/p>\n<p style=\"text-align: left;\">La Olimpiada puso el foco en dos ejes tem\u00e1ticos para los participantes: resoluci\u00f3n de problemas y c\u00e1lculo mental.<\/p>\n<p style=\"text-align: left;\">Entregamos nuestras felicitaciones a los docentes responsables de esta nueva Olimpiada por la cuidadosa organizaci\u00f3n del evento y esperamos poder publicar en una pr\u00f3xima entrega los nombres de las y los estudiantes que alcanzaron los mejores resultados.<\/p>\n<p>[\/vc_column_text][\/vc_column][\/vc_row][vc_row][vc_column][vc_gallery type=&#8221;image_grid&#8221; images=&#8221;7602,7601,7600,7598,7597&#8243; css=&#8221;&#8221;][\/vc_column][\/vc_row]<\/p>\n<\/div>","protected":false},"excerpt":{"rendered":"<p>[vc_row][vc_column][vc_column_text css=&#8221;&#8221;] A cargo del Departamento de Matem\u00e1ticas de la Sede, encabezado por la profesora Victoria Ar\u00e9valo Figueroa, el d\u00eda 21 de agosto se llev\u00f3 a cabo una&#8230;<\/p>\n","protected":false},"author":1,"featured_media":7599,"comment_status":"open","ping_status":"open","sticky":false,"template":"","format":"standard","meta":{"footnotes":"","_links_to":"","_links_to_target":""},"categories":[55,54],"tags":[],"class_list":["post-7596","post","type-post","status-publish","format-standard","has-post-thumbnail","hentry","category-noticias","category-noticias-luis-larco"],"_links":{"self":[{"href":"https:\/\/colegiolosreyes.cl\/sitio\/wp-json\/wp\/v2\/posts\/7596","targetHints":{"allow":["GET"]}}],"collection":[{"href":"https:\/\/colegiolosreyes.cl\/sitio\/wp-json\/wp\/v2\/posts"}],"about":[{"href":"https:\/\/colegiolosreyes.cl\/sitio\/wp-json\/wp\/v2\/types\/post"}],"author":[{"embeddable":true,"href":"https:\/\/colegiolosreyes.cl\/sitio\/wp-json\/wp\/v2\/users\/1"}],"replies":[{"embeddable":true,"href":"https:\/\/colegiolosreyes.cl\/sitio\/wp-json\/wp\/v2\/comments?post=7596"}],"version-history":[{"count":1,"href":"https:\/\/colegiolosreyes.cl\/sitio\/wp-json\/wp\/v2\/posts\/7596\/revisions"}],"predecessor-version":[{"id":7603,"href":"https:\/\/colegiolosreyes.cl\/sitio\/wp-json\/wp\/v2\/posts\/7596\/revisions\/7603"}],"wp:featuredmedia":[{"embeddable":true,"href":"https:\/\/colegiolosreyes.cl\/sitio\/wp-json\/wp\/v2\/media\/7599"}],"wp:attachment":[{"href":"https:\/\/colegiolosreyes.cl\/sitio\/wp-json\/wp\/v2\/media?parent=7596"}],"wp:term":[{"taxonomy":"category","embeddable":true,"href":"https:\/\/colegiolosreyes.cl\/sitio\/wp-json\/wp\/v2\/categories?post=7596"},{"taxonomy":"post_tag","embeddable":true,"href":"https:\/\/colegiolosreyes.cl\/sitio\/wp-json\/wp\/v2\/tags?post=7596"}],"curies":[{"name":"wp","href":"https:\/\/api.w.org\/{rel}","templated":true}]}}