{"id":7569,"date":"2024-09-11T14:52:01","date_gmt":"2024-09-11T14:52:01","guid":{"rendered":"https:\/\/colegiolosreyes.cl\/sitio\/?p=7569"},"modified":"2024-09-11T14:52:01","modified_gmt":"2024-09-11T14:52:01","slug":"estudiantes-de-tercero-medio-estan-haciendo-historia","status":"publish","type":"post","link":"https:\/\/colegiolosreyes.cl\/sitio\/2024\/09\/11\/estudiantes-de-tercero-medio-estan-haciendo-historia\/","title":{"rendered":"ESTUDIANTES DE TERCERO MEDIO EST\u00c1N HACIENDO HISTORIA."},"content":{"rendered":"<div class=\"wpb-content-wrapper\"><p>[vc_row][vc_column][vc_column_text css=&#8221;&#8221;]El pasado\u00a0 29 de Agosto, estudiantes de Tercero que integran el Diferenciado\u00a0 Biolog\u00eda de los Ecosistemas, se comprometieron con algo verdaderamente importante: \u00a1el cuidado de nuestro medio ambiente!<\/p>\n<p>En una jornada incre\u00edble, La orgullosa profesora a cargo, Ingrid Sol\u00eds, nos se\u00f1alaba que, en una jornada incre\u00edble, las y los estudiantes \u00a0pusieron manos a la obra reforestando m\u00e1s de 20 especies de \u00e1rboles, arbustos y herb\u00e1ceas nativas en los hermosos sectores de Pe\u00f1a Blanca: Parque La Reserva y Reverdecer.<\/p>\n<p>Entre las especies plantadas, podemos encontrar desde Pataguas y\u00a0 Olivillos hasta el m\u00edtico Tabaco del Diablo y Canelo. Cada planta es un paso m\u00e1s hacia un futuro m\u00e1s verde y sostenible para todos.<\/p>\n<p>Con clara conciencia del valor de su actividad, las y los estudiantes\u00a0 hacen sentir que este es solo el comienzo: \u00a1Juntos, estamos creando un legado que perdurar\u00e1 para las generaciones futuras!<\/p>\n<p><strong>#CuidadoMedioambiental\u00a0 \u00a0#Reforestaci\u00f3n \u00a0\u00a0#Ecosistemas\u00a0 \u00a0#Biolog\u00eda #CompromisoVerde\u00a0 \u00a0#JuntosPorElPlaneta<\/strong>[\/vc_column_text][\/vc_column][\/vc_row][vc_row][vc_column][vc_gallery type=&#8221;image_grid&#8221; images=&#8221;7571,7572&#8243; css=&#8221;&#8221;][\/vc_column][\/vc_row]<\/p>\n<\/div>","protected":false},"excerpt":{"rendered":"<p>[vc_row][vc_column][vc_column_text css=&#8221;&#8221;]El pasado\u00a0 29 de Agosto, estudiantes de Tercero que integran el Diferenciado\u00a0 Biolog\u00eda de los Ecosistemas, se comprometieron con algo verdaderamente importante: \u00a1el cuidado de nuestro medio&#8230;<\/p>\n","protected":false},"author":1,"featured_media":7570,"comment_status":"open","ping_status":"open","sticky":false,"template":"","format":"standard","meta":{"footnotes":"","_links_to":"","_links_to_target":""},"categories":[55,54],"tags":[],"class_list":["post-7569","post","type-post","status-publish","format-standard","has-post-thumbnail","hentry","category-noticias","category-noticias-luis-larco"],"_links":{"self":[{"href":"https:\/\/colegiolosreyes.cl\/sitio\/wp-json\/wp\/v2\/posts\/7569","targetHints":{"allow":["GET"]}}],"collection":[{"href":"https:\/\/colegiolosreyes.cl\/sitio\/wp-json\/wp\/v2\/posts"}],"about":[{"href":"https:\/\/colegiolosreyes.cl\/sitio\/wp-json\/wp\/v2\/types\/post"}],"author":[{"embeddable":true,"href":"https:\/\/colegiolosreyes.cl\/sitio\/wp-json\/wp\/v2\/users\/1"}],"replies":[{"embeddable":true,"href":"https:\/\/colegiolosreyes.cl\/sitio\/wp-json\/wp\/v2\/comments?post=7569"}],"version-history":[{"count":2,"href":"https:\/\/colegiolosreyes.cl\/sitio\/wp-json\/wp\/v2\/posts\/7569\/revisions"}],"predecessor-version":[{"id":7574,"href":"https:\/\/colegiolosreyes.cl\/sitio\/wp-json\/wp\/v2\/posts\/7569\/revisions\/7574"}],"wp:featuredmedia":[{"embeddable":true,"href":"https:\/\/colegiolosreyes.cl\/sitio\/wp-json\/wp\/v2\/media\/7570"}],"wp:attachment":[{"href":"https:\/\/colegiolosreyes.cl\/sitio\/wp-json\/wp\/v2\/media?parent=7569"}],"wp:term":[{"taxonomy":"category","embeddable":true,"href":"https:\/\/colegiolosreyes.cl\/sitio\/wp-json\/wp\/v2\/categories?post=7569"},{"taxonomy":"post_tag","embeddable":true,"href":"https:\/\/colegiolosreyes.cl\/sitio\/wp-json\/wp\/v2\/tags?post=7569"}],"curies":[{"name":"wp","href":"https:\/\/api.w.org\/{rel}","templated":true}]}}