{"id":7521,"date":"2024-09-05T20:15:33","date_gmt":"2024-09-05T20:15:33","guid":{"rendered":"https:\/\/colegiolosreyes.cl\/sitio\/?p=7521"},"modified":"2024-09-05T20:15:33","modified_gmt":"2024-09-05T20:15:33","slug":"equipo-de-colegio-los-reyes-se-queda-con-el-segundo-lugar-en-torneo-de-debate-regional","status":"publish","type":"post","link":"https:\/\/colegiolosreyes.cl\/sitio\/2024\/09\/05\/equipo-de-colegio-los-reyes-se-queda-con-el-segundo-lugar-en-torneo-de-debate-regional\/","title":{"rendered":"EQUIPO DE COLEGIO LOS REYES SE QUEDA CON EL SEGUNDO LUGAR EN TORNEO  DE DEBATE REGIONAL"},"content":{"rendered":"<div class=\"wpb-content-wrapper\"><p>[vc_row][vc_column][vc_column_text css=&#8221;&#8221;]No hay palabras suficientes para expresar lo emocionados y orgullosos que estamos de nuestros estudiantes del Taller de Debate. Con dedicaci\u00f3n, inteligencia y una pasi\u00f3n a toda prueba, lograron destacar en el Torneo de Debate Interescolar de la Universidad Vi\u00f1a del Mar alcanzando un muy merecido Segundo 2\u00b0 lugar.\u00a0\u00a0Enfrentaron con preparaci\u00f3n y talento a un gran oponente como lo es el Instituto del Puerto de la comuna de San Antonio, debatiendo un tema tan relevante como la Cultura y el Patrimonio en un entorno hist\u00f3rico como el Palacio Rioja. Bajo la atenta mirada de un jurado compuesto por autoridades acad\u00e9micas de nuestra \u00a0Quinta Regi\u00f3n, defendieron sus ideas con argumentos s\u00f3lidos y bien fundamentados, dejando en evidencia que con esfuerzo, trabajo en equipo y voluntad de salir adelante, se pueden alcanzar grandes logros.<\/p>\n<p>Aqu\u00ed les dejamos los nombres de los destacados \u00a0integrantes del Equipo de Debate del Colegio Los Reyes quienes, dirigidos por la profesora Katherine Mora Dur\u00e1n, pusieron muy alto el nombre de nuestro colegio en una competencia de gran prestigio acad\u00e9mico:<\/p>\n<ul>\n<li><strong>Antonia S\u00e1nchez Cabrera, Cuarto Medio D<\/strong><\/li>\n<li><strong>Martyna V\u00e9liz Mart\u00ednez, Cuarto Medio D <\/strong><\/li>\n<li><strong>Joaqu\u00edn Berr\u00edos Pizarro, Cuarto Medio D<\/strong><\/li>\n<li><strong>Sof\u00eda Tello Schmidt Tercero Medio D<\/strong><\/li>\n<\/ul>\n<p>Y eso no es todo:<\/p>\n<p>La integrante del Equipo de Debate, Antonia S\u00e1nchez se qued\u00f3 con la Distinci\u00f3n Mejor \u00a0Oradora del Torneo gracias a su elocuencia, seguridad y determinaci\u00f3n.<\/p>\n<p>Gracias por representarnos con tanto coraz\u00f3n y por inspirarnos a todos a ocupar un lugar destacado entre los mejores colegios de nuestra regi\u00f3n.[\/vc_column_text][\/vc_column][\/vc_row][vc_row][vc_column][vc_gallery type=&#8221;image_grid&#8221; images=&#8221;7526,7525,7523,7522&#8243; css=&#8221;&#8221;][\/vc_column][\/vc_row]<\/p>\n<\/div>","protected":false},"excerpt":{"rendered":"<p>[vc_row][vc_column][vc_column_text css=&#8221;&#8221;]No hay palabras suficientes para expresar lo emocionados y orgullosos que estamos de nuestros estudiantes del Taller de Debate. Con dedicaci\u00f3n, inteligencia y una pasi\u00f3n a toda&#8230;<\/p>\n","protected":false},"author":1,"featured_media":7524,"comment_status":"open","ping_status":"open","sticky":false,"template":"","format":"standard","meta":{"footnotes":"","_links_to":"","_links_to_target":""},"categories":[55,54],"tags":[],"class_list":["post-7521","post","type-post","status-publish","format-standard","has-post-thumbnail","hentry","category-noticias","category-noticias-luis-larco"],"_links":{"self":[{"href":"https:\/\/colegiolosreyes.cl\/sitio\/wp-json\/wp\/v2\/posts\/7521","targetHints":{"allow":["GET"]}}],"collection":[{"href":"https:\/\/colegiolosreyes.cl\/sitio\/wp-json\/wp\/v2\/posts"}],"about":[{"href":"https:\/\/colegiolosreyes.cl\/sitio\/wp-json\/wp\/v2\/types\/post"}],"author":[{"embeddable":true,"href":"https:\/\/colegiolosreyes.cl\/sitio\/wp-json\/wp\/v2\/users\/1"}],"replies":[{"embeddable":true,"href":"https:\/\/colegiolosreyes.cl\/sitio\/wp-json\/wp\/v2\/comments?post=7521"}],"version-history":[{"count":1,"href":"https:\/\/colegiolosreyes.cl\/sitio\/wp-json\/wp\/v2\/posts\/7521\/revisions"}],"predecessor-version":[{"id":7527,"href":"https:\/\/colegiolosreyes.cl\/sitio\/wp-json\/wp\/v2\/posts\/7521\/revisions\/7527"}],"wp:featuredmedia":[{"embeddable":true,"href":"https:\/\/colegiolosreyes.cl\/sitio\/wp-json\/wp\/v2\/media\/7524"}],"wp:attachment":[{"href":"https:\/\/colegiolosreyes.cl\/sitio\/wp-json\/wp\/v2\/media?parent=7521"}],"wp:term":[{"taxonomy":"category","embeddable":true,"href":"https:\/\/colegiolosreyes.cl\/sitio\/wp-json\/wp\/v2\/categories?post=7521"},{"taxonomy":"post_tag","embeddable":true,"href":"https:\/\/colegiolosreyes.cl\/sitio\/wp-json\/wp\/v2\/tags?post=7521"}],"curies":[{"name":"wp","href":"https:\/\/api.w.org\/{rel}","templated":true}]}}