{"id":7483,"date":"2024-08-19T15:56:03","date_gmt":"2024-08-19T15:56:03","guid":{"rendered":"https:\/\/colegiolosreyes.cl\/sitio\/?p=7483"},"modified":"2024-08-21T13:34:06","modified_gmt":"2024-08-21T13:34:06","slug":"exitosa-feria-vocacional","status":"publish","type":"post","link":"https:\/\/colegiolosreyes.cl\/sitio\/2024\/08\/19\/exitosa-feria-vocacional\/","title":{"rendered":"EXITOSA FERIA VOCACIONAL"},"content":{"rendered":"<div class=\"wpb-content-wrapper\"><p>[vc_row][vc_column][vc_column_text css=&#8221;&#8221;]El pasado 8 de agosto, el Colegio Los Reyes celebr\u00f3 su Feria Vocacional, en la<br \/>\nque participaron m\u00e1s de 22 instituciones de educaci\u00f3n superior. Entre ellas,<br \/>\ndestacaron la Universidad de Chile, la Pontificia Universidad Cat\u00f3lica, la<br \/>\nUniversidad de Valpara\u00edso, la Universidad T\u00e9cnica Federico Santa Mar\u00eda y la<br \/>\nUniversidad Andr\u00e9s Bello, por nombrar las m\u00e1s conocidas. Contamos, adem\u00e1s,<br \/>\ncon la presencia de diversos preuniversitarios, de Institutos de Formaci\u00f3n T\u00e9cnica<br \/>\ny de la novedosa representaci\u00f3n de la Escuela de Especialidades del Ej\u00e9rcito de<br \/>\nChile.<br \/>\nLa feria, visitada por 16 cursos de educaci\u00f3n media, se convirti\u00f3 en una instancia<br \/>\nenriquecedora que gener\u00f3 un espacio para que nuestros alumnos se acercaran a<br \/>\nla educaci\u00f3n superior, explorar\u00e1n distintas opciones acad\u00e9micas y reflexionaran<br \/>\nsobre su futuro profesional. Adem\u00e1s, tuvimos el honor de recibir a exalumnos,<br \/>\nahora estudiantes de educaci\u00f3n superior, lo que reforz\u00f3 el sentido de comunidad y<br \/>\ncontinuidad en nuestro colegio.<br \/>\nLas encargadas del exitoso e importante evento, psic\u00f3loga Lilibeth Altamirano y<br \/>\nprofesora Marcela Y\u00e1\u00f1ez, hacen llegan su sentido agradecimiento a expositores,<br \/>\nvoluntarios, docentes, estudiantes y familias por su participaci\u00f3n y apoyo.[\/vc_column_text][\/vc_column][\/vc_row][vc_row][vc_column][vc_gallery type=&#8221;image_grid&#8221; images=&#8221;7485,7486&#8243; css=&#8221;&#8221;][\/vc_column][\/vc_row]<\/p>\n<\/div>","protected":false},"excerpt":{"rendered":"<p>[vc_row][vc_column][vc_column_text css=&#8221;&#8221;]El pasado 8 de agosto, el Colegio Los Reyes celebr\u00f3 su Feria Vocacional, en la que participaron m\u00e1s de 22 instituciones de educaci\u00f3n superior. Entre ellas, destacaron&#8230;<\/p>\n","protected":false},"author":1,"featured_media":7484,"comment_status":"open","ping_status":"open","sticky":false,"template":"","format":"standard","meta":{"footnotes":"","_links_to":"","_links_to_target":""},"categories":[55,54],"tags":[],"class_list":["post-7483","post","type-post","status-publish","format-standard","has-post-thumbnail","hentry","category-noticias","category-noticias-luis-larco"],"_links":{"self":[{"href":"https:\/\/colegiolosreyes.cl\/sitio\/wp-json\/wp\/v2\/posts\/7483","targetHints":{"allow":["GET"]}}],"collection":[{"href":"https:\/\/colegiolosreyes.cl\/sitio\/wp-json\/wp\/v2\/posts"}],"about":[{"href":"https:\/\/colegiolosreyes.cl\/sitio\/wp-json\/wp\/v2\/types\/post"}],"author":[{"embeddable":true,"href":"https:\/\/colegiolosreyes.cl\/sitio\/wp-json\/wp\/v2\/users\/1"}],"replies":[{"embeddable":true,"href":"https:\/\/colegiolosreyes.cl\/sitio\/wp-json\/wp\/v2\/comments?post=7483"}],"version-history":[{"count":2,"href":"https:\/\/colegiolosreyes.cl\/sitio\/wp-json\/wp\/v2\/posts\/7483\/revisions"}],"predecessor-version":[{"id":7508,"href":"https:\/\/colegiolosreyes.cl\/sitio\/wp-json\/wp\/v2\/posts\/7483\/revisions\/7508"}],"wp:featuredmedia":[{"embeddable":true,"href":"https:\/\/colegiolosreyes.cl\/sitio\/wp-json\/wp\/v2\/media\/7484"}],"wp:attachment":[{"href":"https:\/\/colegiolosreyes.cl\/sitio\/wp-json\/wp\/v2\/media?parent=7483"}],"wp:term":[{"taxonomy":"category","embeddable":true,"href":"https:\/\/colegiolosreyes.cl\/sitio\/wp-json\/wp\/v2\/categories?post=7483"},{"taxonomy":"post_tag","embeddable":true,"href":"https:\/\/colegiolosreyes.cl\/sitio\/wp-json\/wp\/v2\/tags?post=7483"}],"curies":[{"name":"wp","href":"https:\/\/api.w.org\/{rel}","templated":true}]}}