{"id":7480,"date":"2024-08-19T14:22:44","date_gmt":"2024-08-19T14:22:44","guid":{"rendered":"https:\/\/colegiolosreyes.cl\/sitio\/?p=7480"},"modified":"2024-08-19T14:23:09","modified_gmt":"2024-08-19T14:23:09","slug":"estudiantes-de-los-diferenciados-de-tercero-y-cuarto-medio-visitan-sede-los-reyes","status":"publish","type":"post","link":"https:\/\/colegiolosreyes.cl\/sitio\/2024\/08\/19\/estudiantes-de-los-diferenciados-de-tercero-y-cuarto-medio-visitan-sede-los-reyes\/","title":{"rendered":"ESTUDIANTES DE LOS DIFERENCIADOS DE TERCERO Y CUARTO MEDIO VISITAN SEDE LOS REYES"},"content":{"rendered":"<div class=\"wpb-content-wrapper\"><p>[vc_row][vc_column][vc_column_text css=&#8221;&#8221;]Estudiantes de tercero medio del\u00a0 Diferenciado de \u201cInterpretaci\u00f3n Musical\u201d\u00a0 y tambi\u00e9n estudiantes de cuarto medio del Diferenciado de &#8220;Composici\u00f3n Musical&#8221;, realizaron el martes 30 de julio una masiva presentaci\u00f3n musical para los y las estudiantes de la sede Los Reyes, en ambas jornadas.<\/p>\n<p>Esta actividad fue recibida con gran alegr\u00eda por los estudiantes\u00a0 y\u00a0 tambi\u00e9n por docentes y asistentes de la educaci\u00f3n de\u00a0 la sede. La potencia de la m\u00fasica captur\u00f3 de inmediato la atenci\u00f3n de los peque\u00f1os que\u00a0 disfrutaron abiertamente de la magia de la m\u00fasica y\u00a0 pronto intentaron seguir el intenso sonido de\u00a0 la batucada con r\u00edtmicos movimientos espont\u00e1neos. Y con una gran cara estar pas\u00e1ndolo bien.[\/vc_column_text][\/vc_column][\/vc_row]<\/p>\n<\/div>","protected":false},"excerpt":{"rendered":"<p>[vc_row][vc_column][vc_column_text css=&#8221;&#8221;]Estudiantes de tercero medio del\u00a0 Diferenciado de \u201cInterpretaci\u00f3n Musical\u201d\u00a0 y tambi\u00e9n estudiantes de cuarto medio del Diferenciado de &#8220;Composici\u00f3n Musical&#8221;, realizaron el martes 30 de julio una&#8230;<\/p>\n","protected":false},"author":1,"featured_media":7481,"comment_status":"open","ping_status":"open","sticky":false,"template":"","format":"standard","meta":{"footnotes":"","_links_to":"","_links_to_target":""},"categories":[55,54],"tags":[],"class_list":["post-7480","post","type-post","status-publish","format-standard","has-post-thumbnail","hentry","category-noticias","category-noticias-luis-larco"],"_links":{"self":[{"href":"https:\/\/colegiolosreyes.cl\/sitio\/wp-json\/wp\/v2\/posts\/7480","targetHints":{"allow":["GET"]}}],"collection":[{"href":"https:\/\/colegiolosreyes.cl\/sitio\/wp-json\/wp\/v2\/posts"}],"about":[{"href":"https:\/\/colegiolosreyes.cl\/sitio\/wp-json\/wp\/v2\/types\/post"}],"author":[{"embeddable":true,"href":"https:\/\/colegiolosreyes.cl\/sitio\/wp-json\/wp\/v2\/users\/1"}],"replies":[{"embeddable":true,"href":"https:\/\/colegiolosreyes.cl\/sitio\/wp-json\/wp\/v2\/comments?post=7480"}],"version-history":[{"count":1,"href":"https:\/\/colegiolosreyes.cl\/sitio\/wp-json\/wp\/v2\/posts\/7480\/revisions"}],"predecessor-version":[{"id":7482,"href":"https:\/\/colegiolosreyes.cl\/sitio\/wp-json\/wp\/v2\/posts\/7480\/revisions\/7482"}],"wp:featuredmedia":[{"embeddable":true,"href":"https:\/\/colegiolosreyes.cl\/sitio\/wp-json\/wp\/v2\/media\/7481"}],"wp:attachment":[{"href":"https:\/\/colegiolosreyes.cl\/sitio\/wp-json\/wp\/v2\/media?parent=7480"}],"wp:term":[{"taxonomy":"category","embeddable":true,"href":"https:\/\/colegiolosreyes.cl\/sitio\/wp-json\/wp\/v2\/categories?post=7480"},{"taxonomy":"post_tag","embeddable":true,"href":"https:\/\/colegiolosreyes.cl\/sitio\/wp-json\/wp\/v2\/tags?post=7480"}],"curies":[{"name":"wp","href":"https:\/\/api.w.org\/{rel}","templated":true}]}}