{"id":7098,"date":"2024-04-05T01:25:30","date_gmt":"2024-04-05T01:25:30","guid":{"rendered":"https:\/\/colegiolosreyes.cl\/sitio\/?p=7098"},"modified":"2024-06-04T01:33:47","modified_gmt":"2024-06-04T01:33:47","slug":"dia-del-deporte","status":"publish","type":"post","link":"https:\/\/colegiolosreyes.cl\/sitio\/2024\/04\/05\/dia-del-deporte\/","title":{"rendered":"DIA DEL DEPORTE"},"content":{"rendered":"<div class=\"wpb-content-wrapper\"><p>[vc_row][vc_column][vc_column_text]<\/p>\n<p style=\"text-align: justify;\">El pasado 5 de abril celebramos el D\u00eda internacional del Deporte por el desarrollo y la paz donde nuestros estudiantes participaron en diversas actividades en conjunto con deportistas destacados de cada disciplina, adem\u00e1s de una charla sobre nutrici\u00f3n deportiva y h\u00e1bitos de vida saludable.<\/p>\n<p style=\"text-align: justify;\">Este a\u00f1o contamos con la especial presentaci\u00f3n de nuestra alumna Sof\u00eda Delgado del 2 medio C, deportista destacada en gimnasia r\u00edtmica<\/p>\n<p>\u00a0[\/vc_column_text][vc_gallery type=&#8221;image_grid&#8221; images=&#8221;7101,7102,7103,7104,7105,7106,7107,7108,7109&#8243; css=&#8221;&#8221;][\/vc_column][\/vc_row]<\/p>\n<\/div>","protected":false},"excerpt":{"rendered":"<p>[vc_row][vc_column][vc_column_text] El pasado 5 de abril celebramos el D\u00eda internacional del Deporte por el desarrollo y la paz donde nuestros estudiantes participaron en diversas actividades en conjunto con&#8230;<\/p>\n","protected":false},"author":1,"featured_media":7107,"comment_status":"open","ping_status":"open","sticky":false,"template":"","format":"standard","meta":{"footnotes":"","_links_to":"","_links_to_target":""},"categories":[55,54],"tags":[],"class_list":["post-7098","post","type-post","status-publish","format-standard","has-post-thumbnail","hentry","category-noticias","category-noticias-luis-larco"],"_links":{"self":[{"href":"https:\/\/colegiolosreyes.cl\/sitio\/wp-json\/wp\/v2\/posts\/7098","targetHints":{"allow":["GET"]}}],"collection":[{"href":"https:\/\/colegiolosreyes.cl\/sitio\/wp-json\/wp\/v2\/posts"}],"about":[{"href":"https:\/\/colegiolosreyes.cl\/sitio\/wp-json\/wp\/v2\/types\/post"}],"author":[{"embeddable":true,"href":"https:\/\/colegiolosreyes.cl\/sitio\/wp-json\/wp\/v2\/users\/1"}],"replies":[{"embeddable":true,"href":"https:\/\/colegiolosreyes.cl\/sitio\/wp-json\/wp\/v2\/comments?post=7098"}],"version-history":[{"count":3,"href":"https:\/\/colegiolosreyes.cl\/sitio\/wp-json\/wp\/v2\/posts\/7098\/revisions"}],"predecessor-version":[{"id":7110,"href":"https:\/\/colegiolosreyes.cl\/sitio\/wp-json\/wp\/v2\/posts\/7098\/revisions\/7110"}],"wp:featuredmedia":[{"embeddable":true,"href":"https:\/\/colegiolosreyes.cl\/sitio\/wp-json\/wp\/v2\/media\/7107"}],"wp:attachment":[{"href":"https:\/\/colegiolosreyes.cl\/sitio\/wp-json\/wp\/v2\/media?parent=7098"}],"wp:term":[{"taxonomy":"category","embeddable":true,"href":"https:\/\/colegiolosreyes.cl\/sitio\/wp-json\/wp\/v2\/categories?post=7098"},{"taxonomy":"post_tag","embeddable":true,"href":"https:\/\/colegiolosreyes.cl\/sitio\/wp-json\/wp\/v2\/tags?post=7098"}],"curies":[{"name":"wp","href":"https:\/\/api.w.org\/{rel}","templated":true}]}}